{"id":98,"date":"2018-11-18T18:54:20","date_gmt":"2018-11-18T18:54:20","guid":{"rendered":"http:\/\/localhost\/wordpress\/catelyn\/?p=98"},"modified":"2019-12-13T22:26:48","modified_gmt":"2019-12-13T22:26:48","slug":"ajat-mamabloggerin-interview","status":"publish","type":"post","link":"https:\/\/mommy-time.de\/wordpress\/ajat-mamabloggerin-interview\/","title":{"rendered":"Interview: Ajat | Zwischen Instagram, dem Mamialltag und der Selbstst\u00e4ndigkeit"},"content":{"rendered":"<p><img loading=\"lazy\" decoding=\"async\" class=\"wp-image-606 size-full\" src=\"https:\/\/mommy-time.de\/wordpress\/wp-content\/uploads\/2018\/03\/IMG_0780-05-09-19-11-49-scaled.jpg\" alt=\"\" width=\"1963\" height=\"2560\" srcset=\"https:\/\/mommy-time.de\/wordpress\/wp-content\/uploads\/2018\/03\/IMG_0780-05-09-19-11-49-scaled.jpg 1963w, https:\/\/mommy-time.de\/wordpress\/wp-content\/uploads\/2018\/03\/IMG_0780-05-09-19-11-49-230x300.jpg 230w, https:\/\/mommy-time.de\/wordpress\/wp-content\/uploads\/2018\/03\/IMG_0780-05-09-19-11-49-785x1024.jpg 785w, https:\/\/mommy-time.de\/wordpress\/wp-content\/uploads\/2018\/03\/IMG_0780-05-09-19-11-49-768x1001.jpg 768w, https:\/\/mommy-time.de\/wordpress\/wp-content\/uploads\/2018\/03\/IMG_0780-05-09-19-11-49-1178x1536.jpg 1178w, https:\/\/mommy-time.de\/wordpress\/wp-content\/uploads\/2018\/03\/IMG_0780-05-09-19-11-49-1571x2048.jpg 1571w, https:\/\/mommy-time.de\/wordpress\/wp-content\/uploads\/2018\/03\/IMG_0780-05-09-19-11-49-655x854.jpg 655w\" sizes=\"auto, (max-width: 1963px) 100vw, 1963px\" \/><\/p>\n<div class=\"fluid-vids\">\n<p>Ajat ist die Mama-Influencerin, die man auf keinen Fall verpassen sollte. Aktuell hat sie zwei kleine Jungs und Baby Nr. 3 ist auf dem Weg! Zus\u00e4tzlich nimmt sie ihre Follower in ihren kreativen Alltag und hat sich vor einigen Monaten mit einem Wimpernstudio selbstst\u00e4ndig gemacht. Bei Mommy Time d\u00fcrfen wir sie als Moderatorin begr\u00fc\u00dfen und m\u00f6chten euch Ajat nochmal genauer vorstellen:<\/p>\n<p><em><strong>Deine Bilder sind immer sehr kreativ und man sieht wie viel Arbeit drin steckt. Woher holst du deine Ideen?<\/strong><\/em><\/p>\n<p>Danke dir! Mich freut es, dass sie dir gefallen. Es ist eigentlich immer ganz unterschiedlich. Manchmal bekommt man sie wie Geistesblitze oder man arbeitet eine Idee lange \u00fcber Tage und Wochen aus. Auch ist Instagram selbst eine gro\u00dfe Inspirationsquelle (Vergessen nur manchmal viele \ud83d\ude05) oder ich st\u00f6bere gern bei Pinterest durch und lass die Bilder auf mich wirken. Solange man sich selbst treu bleibt und Bilder nicht 1 zu 1 nachstellt, find ich das total legitim! \ud83d\ude0a<\/p>\n<p><em><strong>Und was war dein erstes Bild?<\/strong><\/em><\/p>\n<p>Tats\u00e4chlich hab ich schon fr\u00fch mit Fotos angefangen. Damals noch mit meiner Schwester, sind wir mit einer kleinen Digitalkamera meiner Eltern um die H\u00e4user gezogen und haben uns vor Graffitiw\u00e4nden gestellt. \ud83d\ude06 R\u00fcckwirkend betrachtet sind die Bilder f\u00fcr die Verh\u00e4ltnisse echt gut gewesen \ud83d\ude4c\ud83c\udffd\ud83d\ude1d<\/p>\n<p><em><strong>Was macht dir auf Instagram am Meisten Spa\u00df?<\/strong><\/em><\/p>\n<p>Das jeder sein eigenes Ding machen kann. Egal was f\u00fcr ein Lifestyle, Stil oder Interessen man hat, jeder kann mit seinen Bildern davon erz\u00e4hlen und Leute finden, die genau das feiern. Daher nat\u00fcrlich auch der tolle Austausch zu den Followern, der mir sehr oft echt das Gef\u00fchl gegeben hat, nicht allein mit manchen Situationen zu sein \u2665<\/p>\n<p><em><strong>Wie gehen deine Kinder mit der Kamera um? Verstehen sie was da passiert?<\/strong><\/em><\/p>\n<p>An meine Kamera, gehen sie gar nicht dran. Da pass ich eigentlich immer gut auf. Sie spielen es manchmal mit ihrer Spielzeugkamera nach \ud83d\ude06 Das Fotos daraus entstehen wissen sie. Ich versuche meistens spielerisch an die Sache ran zu gehen, damit sie gar nicht das Gef\u00fchl haben, vor die Linse zu treten. Ich finde auch in den Momenten entstehen die sch\u00f6nsten Bilder. Wenn sie mal dennoch keine Lust haben, dann mach ich eben alleine ein Bild \ud83d\ude06<\/p>\n<p><img loading=\"lazy\" decoding=\"async\" class=\"alignnone wp-image-604 size-full\" src=\"https:\/\/mommy-time.de\/wordpress\/wp-content\/uploads\/2018\/03\/IMG_9659-05-09-19-11-49.jpg\" alt=\"Ajat Influencerin\" width=\"2214\" height=\"2559\" srcset=\"https:\/\/mommy-time.de\/wordpress\/wp-content\/uploads\/2018\/03\/IMG_9659-05-09-19-11-49.jpg 2214w, https:\/\/mommy-time.de\/wordpress\/wp-content\/uploads\/2018\/03\/IMG_9659-05-09-19-11-49-260x300.jpg 260w, https:\/\/mommy-time.de\/wordpress\/wp-content\/uploads\/2018\/03\/IMG_9659-05-09-19-11-49-886x1024.jpg 886w, https:\/\/mommy-time.de\/wordpress\/wp-content\/uploads\/2018\/03\/IMG_9659-05-09-19-11-49-768x888.jpg 768w, https:\/\/mommy-time.de\/wordpress\/wp-content\/uploads\/2018\/03\/IMG_9659-05-09-19-11-49-1329x1536.jpg 1329w, https:\/\/mommy-time.de\/wordpress\/wp-content\/uploads\/2018\/03\/IMG_9659-05-09-19-11-49-1772x2048.jpg 1772w, https:\/\/mommy-time.de\/wordpress\/wp-content\/uploads\/2018\/03\/IMG_9659-05-09-19-11-49-655x757.jpg 655w\" sizes=\"auto, (max-width: 2214px) 100vw, 2214px\" \/><\/p>\n<p><em><strong>Was glaubst du wie es in f\u00fcnf Jahren bei dir aussieht? Was sind deine Pl\u00e4ne?<\/strong><\/em><\/p>\n<p>Ich hoffe das wir sind noch weiterhin gesund und gl\u00fccklich als Familie zusammen leben. Das ist das wichtigste. Alles andere ist nebens\u00e4chlich. Vielleicht in einem sch\u00f6nen Eigentumshaus \u2665 Und nat\u00fcrlich, dass meine Selbstst\u00e4ndigkeit &#8211; ob Instagram oder mein Wimpernstudio, weiterhin besteht, mir Spa\u00df macht und erfolgreich bleibt. Mehr Pl\u00e4ne hab ich eigentlich nicht. Ich schau einfach was auf uns zukommt!<\/p>\n<p><img loading=\"lazy\" decoding=\"async\" class=\"alignnone wp-image-600 size-full\" src=\"https:\/\/mommy-time.de\/wordpress\/wp-content\/uploads\/2018\/03\/IMG_7282-05-09-19-11-49.jpg\" alt=\"\" width=\"1028\" height=\"1285\" srcset=\"https:\/\/mommy-time.de\/wordpress\/wp-content\/uploads\/2018\/03\/IMG_7282-05-09-19-11-49.jpg 1028w, https:\/\/mommy-time.de\/wordpress\/wp-content\/uploads\/2018\/03\/IMG_7282-05-09-19-11-49-240x300.jpg 240w, https:\/\/mommy-time.de\/wordpress\/wp-content\/uploads\/2018\/03\/IMG_7282-05-09-19-11-49-819x1024.jpg 819w, https:\/\/mommy-time.de\/wordpress\/wp-content\/uploads\/2018\/03\/IMG_7282-05-09-19-11-49-768x960.jpg 768w, https:\/\/mommy-time.de\/wordpress\/wp-content\/uploads\/2018\/03\/IMG_7282-05-09-19-11-49-655x819.jpg 655w\" sizes=\"auto, (max-width: 1028px) 100vw, 1028px\" \/><\/p>\n<p>Mehr zu Ajat findet ihr hier: <a href=\"http:\/\/www.instagram.com\/ajat_\">@ajat_<\/a><\/p>\n<\/div>\n","protected":false},"excerpt":{"rendered":"<p>Ajat ist die Mama-Influencerin, die man auf keinen Fall verpassen sollte. Aktuell hat sie zwei kleine Jungs und Baby Nr. 3 ist auf dem Weg! Zus\u00e4tzlich nimmt sie ihre Follower in ihren kreativen Alltag und hat sich vor einigen Monaten&#8230;<\/p>\n<div class=\"post-footer\">\n<div class=\"more-link\"><a href=\"https:\/\/mommy-time.de\/wordpress\/ajat-mamabloggerin-interview\/\">READ MORE<\/a><\/div>\n","protected":false},"author":2,"featured_media":606,"comment_status":"open","ping_status":"closed","sticky":false,"template":"","format":"standard","meta":{"_genesis_hide_title":false,"_genesis_hide_breadcrumbs":false,"_genesis_hide_singular_image":false,"_genesis_hide_footer_widgets":false,"_genesis_custom_body_class":"","_genesis_custom_post_class":"","_genesis_layout":"","footnotes":""},"categories":[19],"tags":[],"class_list":{"0":"post-98","1":"post","2":"type-post","3":"status-publish","4":"format-standard","5":"has-post-thumbnail","7":"category-lifestyle","8":"entry","9":"odd"},"jetpack_featured_media_url":"https:\/\/mommy-time.de\/wordpress\/wp-content\/uploads\/2018\/03\/IMG_0780-05-09-19-11-49-scaled.jpg","_links":{"self":[{"href":"https:\/\/mommy-time.de\/wordpress\/wp-json\/wp\/v2\/posts\/98","targetHints":{"allow":["GET"]}}],"collection":[{"href":"https:\/\/mommy-time.de\/wordpress\/wp-json\/wp\/v2\/posts"}],"about":[{"href":"https:\/\/mommy-time.de\/wordpress\/wp-json\/wp\/v2\/types\/post"}],"author":[{"embeddable":true,"href":"https:\/\/mommy-time.de\/wordpress\/wp-json\/wp\/v2\/users\/2"}],"replies":[{"embeddable":true,"href":"https:\/\/mommy-time.de\/wordpress\/wp-json\/wp\/v2\/comments?post=98"}],"version-history":[{"count":4,"href":"https:\/\/mommy-time.de\/wordpress\/wp-json\/wp\/v2\/posts\/98\/revisions"}],"predecessor-version":[{"id":613,"href":"https:\/\/mommy-time.de\/wordpress\/wp-json\/wp\/v2\/posts\/98\/revisions\/613"}],"wp:featuredmedia":[{"embeddable":true,"href":"https:\/\/mommy-time.de\/wordpress\/wp-json\/wp\/v2\/media\/606"}],"wp:attachment":[{"href":"https:\/\/mommy-time.de\/wordpress\/wp-json\/wp\/v2\/media?parent=98"}],"wp:term":[{"taxonomy":"category","embeddable":true,"href":"https:\/\/mommy-time.de\/wordpress\/wp-json\/wp\/v2\/categories?post=98"},{"taxonomy":"post_tag","embeddable":true,"href":"https:\/\/mommy-time.de\/wordpress\/wp-json\/wp\/v2\/tags?post=98"}],"curies":[{"name":"wp","href":"https:\/\/api.w.org\/{rel}","templated":true}]}}